{"id":1259,"date":"2015-11-06T16:11:24","date_gmt":"2015-11-06T15:11:24","guid":{"rendered":"http:\/\/www.waiwai.at\/blog\/?p=1259"},"modified":"2015-11-06T16:19:54","modified_gmt":"2015-11-06T15:19:54","slug":"faschingswecken-am-11-11-2015-um-1111-uhr","status":"publish","type":"post","link":"https:\/\/www.waiwai.at\/blog\/?p=1259","title":{"rendered":"Faschingswecken am 11.11.2015 um 11:11 Uhr"},"content":{"rendered":"<h2 style=\"text-align: center;\">\u00a0<\/h2>\n<h2 style=\"text-align: center;\"><span style=\"color: #ff6600;\"><strong>Einladung zum Faschingswecken 2015:<\/strong><\/span><\/h2>\n<h2 style=\"text-align: center;\"><span style=\"color: #008000;\"><strong>\u201eDie Narren schie\u00dfen los\u201c<\/strong><\/span><\/h2>\n<p>&nbsp;<\/p>\n<p>Laut Klagenfurter Stadtrecht (K-KstR 1998) \u00a7 11, Abs. 11, Ziffer 0815 und weil das sowieso jedes Kind wei\u00df, regiert ab 11.11.2015 um 11:11 Uhr das Narrenvolk in Klagenfurt.<\/p>\n<p>Es findet daher das traditionelle Faschingswecken am 11.11. um 11:11 Uhr am Alten Platz \/ Ecke Kramergasse statt.<\/p>\n<p>Die Programmpunkte sind:<\/p>\n<ul>\n<li>Faschingswecken unter dem Thema \u201eDie Narren schie\u00dfen los\u201c<\/li>\n<li>\u00dcbergabe des Stadtschl\u00fcssels von Klagenfurt durch die B\u00fcrgermeisterin an die Faschingsgilde<\/li>\n<li>Eine karitative Spendenaktion mit Faschingsbuttons<\/li>\n<li>Musik, Krapfen und vieles mehr \u2026<\/li>\n<\/ul>\n<p>Bei der heurigen karitativen Aktion der Faschingsgilde k\u00f6nnen Faschingsbuttons mit dem Aufdruck \u201eUmzug 2016 \u2013 Ich bin dabei!\u201c zum Preis von \u20ac 2,- erworben werden.<\/p>\n<p>Mit dem gesamten Erl\u00f6s der Spendenaktion\u00a0werden die Kleinsten der Austria Klagenfurt\u00a0unterst\u00fctzt.<\/p>\n<p>Wir laden Alle herzlichst zum Faschingswecken ein und ersuchen auch h\u00f6flichst um Unterst\u00fctzung der Spendenaktion.<\/p>\n<h3 style=\"text-align: center;\"><span style=\"color: #ff6600;\">Wai \u2013 Wai!<\/span><\/h3>\n","protected":false},"excerpt":{"rendered":"<p>\u00a0 Einladung zum Faschingswecken 2015: \u201eDie Narren schie\u00dfen los\u201c &nbsp; Laut Klagenfurter Stadtrecht (K-KstR 1998) \u00a7 11, Abs. 11, Ziffer 0815 und weil das sowieso jedes Kind wei\u00df, regiert ab 11.11.2015 um 11:11 Uhr das Narrenvolk in Klagenfurt. Es findet daher das traditionelle Faschingswecken am 11.11. um 11:11 Uhr am Alten Platz \/ Ecke Kramergasse [&hellip;]<\/p>\n","protected":false},"author":2,"featured_media":0,"comment_status":"open","ping_status":"closed","sticky":false,"template":"","format":"standard","meta":[],"categories":[1],"tags":[],"_links":{"self":[{"href":"https:\/\/www.waiwai.at\/blog\/index.php?rest_route=\/wp\/v2\/posts\/1259"}],"collection":[{"href":"https:\/\/www.waiwai.at\/blog\/index.php?rest_route=\/wp\/v2\/posts"}],"about":[{"href":"https:\/\/www.waiwai.at\/blog\/index.php?rest_route=\/wp\/v2\/types\/post"}],"author":[{"embeddable":true,"href":"https:\/\/www.waiwai.at\/blog\/index.php?rest_route=\/wp\/v2\/users\/2"}],"replies":[{"embeddable":true,"href":"https:\/\/www.waiwai.at\/blog\/index.php?rest_route=%2Fwp%2Fv2%2Fcomments&post=1259"}],"version-history":[{"count":8,"href":"https:\/\/www.waiwai.at\/blog\/index.php?rest_route=\/wp\/v2\/posts\/1259\/revisions"}],"predecessor-version":[{"id":1267,"href":"https:\/\/www.waiwai.at\/blog\/index.php?rest_route=\/wp\/v2\/posts\/1259\/revisions\/1267"}],"wp:attachment":[{"href":"https:\/\/www.waiwai.at\/blog\/index.php?rest_route=%2Fwp%2Fv2%2Fmedia&parent=1259"}],"wp:term":[{"taxonomy":"category","embeddable":true,"href":"https:\/\/www.waiwai.at\/blog\/index.php?rest_route=%2Fwp%2Fv2%2Fcategories&post=1259"},{"taxonomy":"post_tag","embeddable":true,"href":"https:\/\/www.waiwai.at\/blog\/index.php?rest_route=%2Fwp%2Fv2%2Ftags&post=1259"}],"curies":[{"name":"wp","href":"https:\/\/api.w.org\/{rel}","templated":true}]}}